{"id":11994,"date":"2022-07-01T14:09:12","date_gmt":"2022-07-01T13:09:12","guid":{"rendered":"https:\/\/inspireglobal.travel\/?p=11994"},"modified":"2022-07-12T17:09:39","modified_gmt":"2022-07-12T16:09:39","slug":"inspire-global-declare-une-urgence-climatique","status":"publish","type":"post","link":"https:\/\/inspireglobal.travel\/fr\/2022\/07\/01\/inspire-global-declares-a-climate-emergency\/","title":{"rendered":"Inspire Global d\u00e9clare une urgence climatique"},"content":{"rendered":"<div data-elementor-type=\"wp-post\" data-elementor-id=\"11994\" class=\"elementor elementor-11994\">\n\t\t\t\t\t\t<section class=\"elementor-section elementor-top-section elementor-element elementor-element-27ee607 elementor-section-boxed elementor-section-height-default elementor-section-height-default exad-glass-effect-no exad-sticky-section-no\" data-id=\"27ee607\" data-element_type=\"section\" data-e-type=\"section\">\n\t\t\t\t\t\t<div class=\"elementor-container elementor-column-gap-default\">\n\t\t\t\t\t<div class=\"elementor-column elementor-col-100 elementor-top-column elementor-element elementor-element-21cd2fa2 exad-glass-effect-no exad-sticky-section-no\" data-id=\"21cd2fa2\" data-element_type=\"column\" data-e-type=\"column\">\n\t\t\t<div class=\"elementor-widget-wrap elementor-element-populated\">\n\t\t\t\t\t\t<div class=\"elementor-element elementor-element-c08e66f exad-sticky-section-no exad-glass-effect-no elementor-widget elementor-widget-text-editor\" data-id=\"c08e66f\" data-element_type=\"widget\" data-e-type=\"widget\" data-widget_type=\"text-editor.default\">\n\t\t\t\t<div class=\"elementor-widget-container\">\n\t\t\t\t\t\t\t\t\t<p>Inspire Global est ravi d&#039;avoir sign\u00e9 Tourism Declares, une initiative qui aide les entreprises touristiques, les organisations et les particuliers \u00e0 d\u00e9clarer une urgence climatique et \u00e0 prendre des mesures cibl\u00e9es pour r\u00e9duire leurs \u00e9missions de carbone.<\/p>\n<p><strong>Nous d\u00e9clarons<\/strong> notre engagement commun \u00e0 unir toutes les parties prenantes dans la transformation du tourisme pour une action climatique efficace.<br \/><strong>Nous soutenons<\/strong> l&#039;engagement mondial de r\u00e9duire de moiti\u00e9 les \u00e9missions d&#039;ici 2030 et d&#039;atteindre Net Zero d\u00e8s que possible avant 2050.<br \/><strong>Nous nous alignons syst\u00e9matiquement<\/strong> nos actions avec les derni\u00e8res recommandations scientifiques, afin d&#039;assurer que notre approche reste coh\u00e9rente avec une augmentation de pas plus de 1,5\u00b0C au-dessus des niveaux pr\u00e9industriels d&#039;ici 2100.<\/p>\n<p><strong>En tant que signataire, nous nous engageons \u00e0<\/strong>:<\/p>\n<ol>\n<li>Fournir un plan d&#039;action climatique dans les 12 mois suivant la signature.<\/li>\n<li>Rendre compte publiquement des progr\u00e8s par rapport aux objectifs interm\u00e9diaires et \u00e0 long terme, ainsi que des mesures prises, au moins une fois par an.<\/li>\n<li>Aligner notre plan sur cinq voies partag\u00e9es (mesurer, d\u00e9carboniser, r\u00e9g\u00e9n\u00e9rer, collaborer, financer) pour garantir que l&#039;action climatique est coh\u00e9rente dans l&#039;ensemble du tourisme.<\/li>\n<li>Partager des informations sur les activit\u00e9s li\u00e9es aux d\u00e9clarations du tourisme et\/ou \u00e0 la d\u00e9claration de Glasgow parmi les contacts et les r\u00e9seaux.<\/li>\n<li>Travailler dans un esprit collaboratif et constructif avec les autres membres de Tourism Declares et\/ou signataires de la D\u00e9claration de Glasgow.<\/li>\n<\/ol>\n<p>Nous sommes ravis de faire partie de ce mouvement et, plus important encore, de travailler avec nos coll\u00e8gues professionnels du voyage pour relever ensemble les d\u00e9fis climatiques.<\/p>\t\t\t\t\t\t\t\t<\/div>\n\t\t\t\t<\/div>\n\t\t\t\t\t<\/div>\n\t\t<\/div>\n\t\t\t\t\t<\/div>\n\t\t<\/section>\n\t\t\t\t<\/div>","protected":false},"excerpt":{"rendered":"<p>Inspire Global is delighted to have signed up to Tourism Declares, an initiative that supports tourism businesses, organisations and individuals in declaring a climate emergency [&hellip;]<\/p>\n","protected":false},"author":3,"featured_media":12082,"comment_status":"open","ping_status":"closed","sticky":false,"template":"","format":"standard","meta":{"site-sidebar-layout":"default","site-content-layout":"default","ast-site-content-layout":"default","site-content-style":"default","site-sidebar-style":"default","ast-global-header-display":"","ast-banner-title-visibility":"","ast-main-header-display":"","ast-hfb-above-header-display":"","ast-hfb-below-header-display":"","ast-hfb-mobile-header-display":"","site-post-title":"","ast-breadcrumbs-content":"","ast-featured-img":"","footer-sml-layout":"","ast-disable-related-posts":"","theme-transparent-header-meta":"disabled","adv-header-id-meta":"","stick-header-meta":"default","header-above-stick-meta":"","header-main-stick-meta":"","header-below-stick-meta":"","astra-migrate-meta-layouts":"default","ast-page-background-enabled":"default","ast-page-background-meta":{"desktop":{"background-color":"","background-image":"","background-repeat":"repeat","background-position":"center center","background-size":"auto","background-attachment":"scroll","background-type":"","background-media":"","overlay-type":"","overlay-color":"","overlay-opacity":"","overlay-gradient":""},"tablet":{"background-color":"","background-image":"","background-repeat":"repeat","background-position":"center center","background-size":"auto","background-attachment":"scroll","background-type":"","background-media":"","overlay-type":"","overlay-color":"","overlay-opacity":"","overlay-gradient":""},"mobile":{"background-color":"","background-image":"","background-repeat":"repeat","background-position":"center center","background-size":"auto","background-attachment":"scroll","background-type":"","background-media":"","overlay-type":"","overlay-color":"","overlay-opacity":"","overlay-gradient":""}},"ast-content-background-meta":{"desktop":{"background-color":"var(--ast-global-color-5)","background-image":"","background-repeat":"repeat","background-position":"center center","background-size":"auto","background-attachment":"scroll","background-type":"","background-media":"","overlay-type":"","overlay-color":"","overlay-opacity":"","overlay-gradient":""},"tablet":{"background-color":"var(--ast-global-color-5)","background-image":"","background-repeat":"repeat","background-position":"center center","background-size":"auto","background-attachment":"scroll","background-type":"","background-media":"","overlay-type":"","overlay-color":"","overlay-opacity":"","overlay-gradient":""},"mobile":{"background-color":"var(--ast-global-color-5)","background-image":"","background-repeat":"repeat","background-position":"center center","background-size":"auto","background-attachment":"scroll","background-type":"","background-media":"","overlay-type":"","overlay-color":"","overlay-opacity":"","overlay-gradient":""}},"footnotes":""},"categories":[47],"tags":[42,43,46,44,45],"class_list":["post-11994","post","type-post","status-publish","format-standard","has-post-thumbnail","hentry","category-climate-change","tag-climate-change","tag-climate-emergency","tag-climate-plan","tag-save-the-planet","tag-tourism-declares"],"yoast_head":"<!-- This site is optimized with the Yoast SEO plugin v27.4 - https:\/\/yoast.com\/product\/yoast-seo-wordpress\/ -->\n<title>Inspire Global Declares a Climate Emergency - Inspire Global<\/title>\n<meta name=\"robots\" content=\"index, follow, max-snippet:-1, max-image-preview:large, max-video-preview:-1\" \/>\n<link rel=\"canonical\" href=\"https:\/\/inspireglobal.travel\/fr\/2022\/07\/01\/inspire-global-declare-une-urgence-climatique\/\" \/>\n<meta property=\"og:locale\" content=\"fr_FR\" \/>\n<meta property=\"og:type\" content=\"article\" \/>\n<meta property=\"og:title\" content=\"Inspire Global Declares a Climate Emergency - Inspire Global\" \/>\n<meta property=\"og:description\" content=\"Inspire Global is delighted to have signed up to Tourism Declares, an initiative that supports tourism businesses, organisations and individuals in declaring a climate emergency [&hellip;]\" \/>\n<meta property=\"og:url\" content=\"https:\/\/inspireglobal.travel\/fr\/2022\/07\/01\/inspire-global-declare-une-urgence-climatique\/\" \/>\n<meta property=\"og:site_name\" content=\"Inspire Global\" \/>\n<meta property=\"article:publisher\" content=\"https:\/\/www.facebook.com\/Inspire-Global-Travel-173870614311417\/\" \/>\n<meta property=\"article:published_time\" content=\"2022-07-01T13:09:12+00:00\" \/>\n<meta property=\"article:modified_time\" content=\"2022-07-12T16:09:39+00:00\" \/>\n<meta property=\"og:image\" content=\"https:\/\/inspireglobal.travel\/wp-content\/uploads\/2022\/07\/climate-change.jpg\" \/>\n\t<meta property=\"og:image:width\" content=\"1575\" \/>\n\t<meta property=\"og:image:height\" content=\"960\" \/>\n\t<meta property=\"og:image:type\" content=\"image\/jpeg\" \/>\n<meta name=\"author\" content=\"Inspire Global\" \/>\n<meta name=\"twitter:card\" content=\"summary_large_image\" \/>\n<meta name=\"twitter:creator\" content=\"@Inspire__Global\" \/>\n<meta name=\"twitter:site\" content=\"@Inspire__Global\" \/>\n<meta name=\"twitter:label1\" content=\"\u00c9crit par\" \/>\n\t<meta name=\"twitter:data1\" content=\"Inspire Global\" \/>\n\t<meta name=\"twitter:label2\" content=\"Dur\u00e9e de lecture estim\u00e9e\" \/>\n\t<meta name=\"twitter:data2\" content=\"1 minute\" \/>\n<script type=\"application\/ld+json\" class=\"yoast-schema-graph\">{\"@context\":\"https:\\\/\\\/schema.org\",\"@graph\":[{\"@type\":\"Article\",\"@id\":\"https:\\\/\\\/inspireglobal.travel\\\/de\\\/2022\\\/07\\\/01\\\/inspire-global-erklart-einen-klimanotstand\\\/#article\",\"isPartOf\":{\"@id\":\"https:\\\/\\\/inspireglobal.travel\\\/de\\\/2022\\\/07\\\/01\\\/inspire-global-erklart-einen-klimanotstand\\\/\"},\"author\":{\"name\":\"Inspire Global\",\"@id\":\"https:\\\/\\\/inspireglobal.travel\\\/#\\\/schema\\\/person\\\/ad95c34c55d5747d1905ea5384ca5afd\"},\"headline\":\"Inspire Global Declares a Climate Emergency\",\"datePublished\":\"2022-07-01T13:09:12+00:00\",\"dateModified\":\"2022-07-12T16:09:39+00:00\",\"mainEntityOfPage\":{\"@id\":\"https:\\\/\\\/inspireglobal.travel\\\/de\\\/2022\\\/07\\\/01\\\/inspire-global-erklart-einen-klimanotstand\\\/\"},\"wordCount\":224,\"commentCount\":0,\"publisher\":{\"@id\":\"https:\\\/\\\/inspireglobal.travel\\\/#organization\"},\"image\":{\"@id\":\"https:\\\/\\\/inspireglobal.travel\\\/de\\\/2022\\\/07\\\/01\\\/inspire-global-erklart-einen-klimanotstand\\\/#primaryimage\"},\"thumbnailUrl\":\"https:\\\/\\\/inspireglobal.travel\\\/wp-content\\\/uploads\\\/2022\\\/07\\\/climate-change.jpg\",\"keywords\":[\"climate change\",\"climate emergency\",\"climate plan\",\"save the planet\",\"tourism declares\"],\"articleSection\":[\"Climate Change\"],\"inLanguage\":\"fr-FR\",\"potentialAction\":[{\"@type\":\"CommentAction\",\"name\":\"Comment\",\"target\":[\"https:\\\/\\\/inspireglobal.travel\\\/de\\\/2022\\\/07\\\/01\\\/inspire-global-erklart-einen-klimanotstand\\\/#respond\"]}]},{\"@type\":\"WebPage\",\"@id\":\"https:\\\/\\\/inspireglobal.travel\\\/de\\\/2022\\\/07\\\/01\\\/inspire-global-erklart-einen-klimanotstand\\\/\",\"url\":\"https:\\\/\\\/inspireglobal.travel\\\/de\\\/2022\\\/07\\\/01\\\/inspire-global-erklart-einen-klimanotstand\\\/\",\"name\":\"Inspire Global Declares a Climate Emergency - Inspire Global\",\"isPartOf\":{\"@id\":\"https:\\\/\\\/inspireglobal.travel\\\/#website\"},\"primaryImageOfPage\":{\"@id\":\"https:\\\/\\\/inspireglobal.travel\\\/de\\\/2022\\\/07\\\/01\\\/inspire-global-erklart-einen-klimanotstand\\\/#primaryimage\"},\"image\":{\"@id\":\"https:\\\/\\\/inspireglobal.travel\\\/de\\\/2022\\\/07\\\/01\\\/inspire-global-erklart-einen-klimanotstand\\\/#primaryimage\"},\"thumbnailUrl\":\"https:\\\/\\\/inspireglobal.travel\\\/wp-content\\\/uploads\\\/2022\\\/07\\\/climate-change.jpg\",\"datePublished\":\"2022-07-01T13:09:12+00:00\",\"dateModified\":\"2022-07-12T16:09:39+00:00\",\"breadcrumb\":{\"@id\":\"https:\\\/\\\/inspireglobal.travel\\\/de\\\/2022\\\/07\\\/01\\\/inspire-global-erklart-einen-klimanotstand\\\/#breadcrumb\"},\"inLanguage\":\"fr-FR\",\"potentialAction\":[{\"@type\":\"ReadAction\",\"target\":[\"https:\\\/\\\/inspireglobal.travel\\\/de\\\/2022\\\/07\\\/01\\\/inspire-global-erklart-einen-klimanotstand\\\/\"]}]},{\"@type\":\"ImageObject\",\"inLanguage\":\"fr-FR\",\"@id\":\"https:\\\/\\\/inspireglobal.travel\\\/de\\\/2022\\\/07\\\/01\\\/inspire-global-erklart-einen-klimanotstand\\\/#primaryimage\",\"url\":\"https:\\\/\\\/inspireglobal.travel\\\/wp-content\\\/uploads\\\/2022\\\/07\\\/climate-change.jpg\",\"contentUrl\":\"https:\\\/\\\/inspireglobal.travel\\\/wp-content\\\/uploads\\\/2022\\\/07\\\/climate-change.jpg\",\"width\":1575,\"height\":960},{\"@type\":\"BreadcrumbList\",\"@id\":\"https:\\\/\\\/inspireglobal.travel\\\/de\\\/2022\\\/07\\\/01\\\/inspire-global-erklart-einen-klimanotstand\\\/#breadcrumb\",\"itemListElement\":[{\"@type\":\"ListItem\",\"position\":1,\"name\":\"Home\",\"item\":\"https:\\\/\\\/inspireglobal.travel\\\/\"},{\"@type\":\"ListItem\",\"position\":2,\"name\":\"Inspire Global Declares a Climate Emergency\"}]},{\"@type\":\"WebSite\",\"@id\":\"https:\\\/\\\/inspireglobal.travel\\\/#website\",\"url\":\"https:\\\/\\\/inspireglobal.travel\\\/\",\"name\":\"Inspire Global\",\"description\":\"A mission-driven member community championing positive impact tourism\",\"publisher\":{\"@id\":\"https:\\\/\\\/inspireglobal.travel\\\/#organization\"},\"potentialAction\":[{\"@type\":\"SearchAction\",\"target\":{\"@type\":\"EntryPoint\",\"urlTemplate\":\"https:\\\/\\\/inspireglobal.travel\\\/?s={search_term_string}\"},\"query-input\":{\"@type\":\"PropertyValueSpecification\",\"valueRequired\":true,\"valueName\":\"search_term_string\"}}],\"inLanguage\":\"fr-FR\"},{\"@type\":\"Organization\",\"@id\":\"https:\\\/\\\/inspireglobal.travel\\\/#organization\",\"name\":\"Inspire Global\",\"url\":\"https:\\\/\\\/inspireglobal.travel\\\/\",\"logo\":{\"@type\":\"ImageObject\",\"inLanguage\":\"fr-FR\",\"@id\":\"https:\\\/\\\/inspireglobal.travel\\\/#\\\/schema\\\/logo\\\/image\\\/\",\"url\":\"https:\\\/\\\/inspireglobal.travel\\\/wp-content\\\/uploads\\\/2019\\\/12\\\/inspire-global-logo-01.png\",\"contentUrl\":\"https:\\\/\\\/inspireglobal.travel\\\/wp-content\\\/uploads\\\/2019\\\/12\\\/inspire-global-logo-01.png\",\"width\":1321,\"height\":566,\"caption\":\"Inspire Global\"},\"image\":{\"@id\":\"https:\\\/\\\/inspireglobal.travel\\\/#\\\/schema\\\/logo\\\/image\\\/\"},\"sameAs\":[\"https:\\\/\\\/www.facebook.com\\\/Inspire-Global-Travel-173870614311417\\\/\",\"https:\\\/\\\/x.com\\\/Inspire__Global\",\"https:\\\/\\\/www.instagram.com\\\/inspire_global_travel\\\/\",\"https:\\\/\\\/www.linkedin.com\\\/company\\\/inspire-globaltravel\\\/\"]},{\"@type\":\"Person\",\"@id\":\"https:\\\/\\\/inspireglobal.travel\\\/#\\\/schema\\\/person\\\/ad95c34c55d5747d1905ea5384ca5afd\",\"name\":\"Inspire Global\",\"image\":{\"@type\":\"ImageObject\",\"inLanguage\":\"fr-FR\",\"@id\":\"https:\\\/\\\/secure.gravatar.com\\\/avatar\\\/fd03f6127735b1a0f945693d0cfd33ed9259b2bbe4448a82f03fc19dfe4a6d6a?s=96&d=mm&r=g\",\"url\":\"https:\\\/\\\/secure.gravatar.com\\\/avatar\\\/fd03f6127735b1a0f945693d0cfd33ed9259b2bbe4448a82f03fc19dfe4a6d6a?s=96&d=mm&r=g\",\"contentUrl\":\"https:\\\/\\\/secure.gravatar.com\\\/avatar\\\/fd03f6127735b1a0f945693d0cfd33ed9259b2bbe4448a82f03fc19dfe4a6d6a?s=96&d=mm&r=g\",\"caption\":\"Inspire Global\"},\"url\":\"https:\\\/\\\/inspireglobal.travel\\\/fr\\\/author\\\/hayley\\\/\"}]}<\/script>\n<!-- \/ Yoast SEO plugin. -->","yoast_head_json":{"title":"Inspire Global d\u00e9clare une urgence climatique - Inspire Global","robots":{"index":"index","follow":"follow","max-snippet":"max-snippet:-1","max-image-preview":"max-image-preview:large","max-video-preview":"max-video-preview:-1"},"canonical":"https:\/\/inspireglobal.travel\/fr\/2022\/07\/01\/inspire-global-declare-une-urgence-climatique\/","og_locale":"fr_FR","og_type":"article","og_title":"Inspire Global Declares a Climate Emergency - Inspire Global","og_description":"Inspire Global is delighted to have signed up to Tourism Declares, an initiative that supports tourism businesses, organisations and individuals in declaring a climate emergency [&hellip;]","og_url":"https:\/\/inspireglobal.travel\/fr\/2022\/07\/01\/inspire-global-declare-une-urgence-climatique\/","og_site_name":"Inspire Global","article_publisher":"https:\/\/www.facebook.com\/Inspire-Global-Travel-173870614311417\/","article_published_time":"2022-07-01T13:09:12+00:00","article_modified_time":"2022-07-12T16:09:39+00:00","og_image":[{"width":1575,"height":960,"url":"https:\/\/inspireglobal.travel\/wp-content\/uploads\/2022\/07\/climate-change.jpg","type":"image\/jpeg"}],"author":"Inspire Global","twitter_card":"summary_large_image","twitter_creator":"@Inspire__Global","twitter_site":"@Inspire__Global","twitter_misc":{"\u00c9crit par":"Inspire Global","Dur\u00e9e de lecture estim\u00e9e":"1 minute"},"schema":{"@context":"https:\/\/schema.org","@graph":[{"@type":"Article","@id":"https:\/\/inspireglobal.travel\/de\/2022\/07\/01\/inspire-global-erklart-einen-klimanotstand\/#article","isPartOf":{"@id":"https:\/\/inspireglobal.travel\/de\/2022\/07\/01\/inspire-global-erklart-einen-klimanotstand\/"},"author":{"name":"Inspire Global","@id":"https:\/\/inspireglobal.travel\/#\/schema\/person\/ad95c34c55d5747d1905ea5384ca5afd"},"headline":"Inspire Global Declares a Climate Emergency","datePublished":"2022-07-01T13:09:12+00:00","dateModified":"2022-07-12T16:09:39+00:00","mainEntityOfPage":{"@id":"https:\/\/inspireglobal.travel\/de\/2022\/07\/01\/inspire-global-erklart-einen-klimanotstand\/"},"wordCount":224,"commentCount":0,"publisher":{"@id":"https:\/\/inspireglobal.travel\/#organization"},"image":{"@id":"https:\/\/inspireglobal.travel\/de\/2022\/07\/01\/inspire-global-erklart-einen-klimanotstand\/#primaryimage"},"thumbnailUrl":"https:\/\/inspireglobal.travel\/wp-content\/uploads\/2022\/07\/climate-change.jpg","keywords":["climate change","climate emergency","climate plan","save the planet","tourism declares"],"articleSection":["Climate Change"],"inLanguage":"fr-FR","potentialAction":[{"@type":"CommentAction","name":"Comment","target":["https:\/\/inspireglobal.travel\/de\/2022\/07\/01\/inspire-global-erklart-einen-klimanotstand\/#respond"]}]},{"@type":"WebPage","@id":"https:\/\/inspireglobal.travel\/de\/2022\/07\/01\/inspire-global-erklart-einen-klimanotstand\/","url":"https:\/\/inspireglobal.travel\/de\/2022\/07\/01\/inspire-global-erklart-einen-klimanotstand\/","name":"Inspire Global d\u00e9clare une urgence climatique - Inspire Global","isPartOf":{"@id":"https:\/\/inspireglobal.travel\/#website"},"primaryImageOfPage":{"@id":"https:\/\/inspireglobal.travel\/de\/2022\/07\/01\/inspire-global-erklart-einen-klimanotstand\/#primaryimage"},"image":{"@id":"https:\/\/inspireglobal.travel\/de\/2022\/07\/01\/inspire-global-erklart-einen-klimanotstand\/#primaryimage"},"thumbnailUrl":"https:\/\/inspireglobal.travel\/wp-content\/uploads\/2022\/07\/climate-change.jpg","datePublished":"2022-07-01T13:09:12+00:00","dateModified":"2022-07-12T16:09:39+00:00","breadcrumb":{"@id":"https:\/\/inspireglobal.travel\/de\/2022\/07\/01\/inspire-global-erklart-einen-klimanotstand\/#breadcrumb"},"inLanguage":"fr-FR","potentialAction":[{"@type":"ReadAction","target":["https:\/\/inspireglobal.travel\/de\/2022\/07\/01\/inspire-global-erklart-einen-klimanotstand\/"]}]},{"@type":"ImageObject","inLanguage":"fr-FR","@id":"https:\/\/inspireglobal.travel\/de\/2022\/07\/01\/inspire-global-erklart-einen-klimanotstand\/#primaryimage","url":"https:\/\/inspireglobal.travel\/wp-content\/uploads\/2022\/07\/climate-change.jpg","contentUrl":"https:\/\/inspireglobal.travel\/wp-content\/uploads\/2022\/07\/climate-change.jpg","width":1575,"height":960},{"@type":"BreadcrumbList","@id":"https:\/\/inspireglobal.travel\/de\/2022\/07\/01\/inspire-global-erklart-einen-klimanotstand\/#breadcrumb","itemListElement":[{"@type":"ListItem","position":1,"name":"Home","item":"https:\/\/inspireglobal.travel\/"},{"@type":"ListItem","position":2,"name":"Inspire Global Declares a Climate Emergency"}]},{"@type":"WebSite","@id":"https:\/\/inspireglobal.travel\/#website","url":"https:\/\/inspireglobal.travel\/","name":"Inspirer le monde","description":"A mission-driven member community championing positive impact tourism","publisher":{"@id":"https:\/\/inspireglobal.travel\/#organization"},"potentialAction":[{"@type":"SearchAction","target":{"@type":"EntryPoint","urlTemplate":"https:\/\/inspireglobal.travel\/?s={search_term_string}"},"query-input":{"@type":"PropertyValueSpecification","valueRequired":true,"valueName":"search_term_string"}}],"inLanguage":"fr-FR"},{"@type":"Organization","@id":"https:\/\/inspireglobal.travel\/#organization","name":"Inspirer le monde","url":"https:\/\/inspireglobal.travel\/","logo":{"@type":"ImageObject","inLanguage":"fr-FR","@id":"https:\/\/inspireglobal.travel\/#\/schema\/logo\/image\/","url":"https:\/\/inspireglobal.travel\/wp-content\/uploads\/2019\/12\/inspire-global-logo-01.png","contentUrl":"https:\/\/inspireglobal.travel\/wp-content\/uploads\/2019\/12\/inspire-global-logo-01.png","width":1321,"height":566,"caption":"Inspire Global"},"image":{"@id":"https:\/\/inspireglobal.travel\/#\/schema\/logo\/image\/"},"sameAs":["https:\/\/www.facebook.com\/Inspire-Global-Travel-173870614311417\/","https:\/\/x.com\/Inspire__Global","https:\/\/www.instagram.com\/inspire_global_travel\/","https:\/\/www.linkedin.com\/company\/inspire-globaltravel\/"]},{"@type":"Person","@id":"https:\/\/inspireglobal.travel\/#\/schema\/person\/ad95c34c55d5747d1905ea5384ca5afd","name":"Inspirer le monde","image":{"@type":"ImageObject","inLanguage":"fr-FR","@id":"https:\/\/secure.gravatar.com\/avatar\/fd03f6127735b1a0f945693d0cfd33ed9259b2bbe4448a82f03fc19dfe4a6d6a?s=96&d=mm&r=g","url":"https:\/\/secure.gravatar.com\/avatar\/fd03f6127735b1a0f945693d0cfd33ed9259b2bbe4448a82f03fc19dfe4a6d6a?s=96&d=mm&r=g","contentUrl":"https:\/\/secure.gravatar.com\/avatar\/fd03f6127735b1a0f945693d0cfd33ed9259b2bbe4448a82f03fc19dfe4a6d6a?s=96&d=mm&r=g","caption":"Inspire Global"},"url":"https:\/\/inspireglobal.travel\/fr\/author\/hayley\/"}]}},"_links":{"self":[{"href":"https:\/\/inspireglobal.travel\/fr\/wp-json\/wp\/v2\/posts\/11994","targetHints":{"allow":["GET"]}}],"collection":[{"href":"https:\/\/inspireglobal.travel\/fr\/wp-json\/wp\/v2\/posts"}],"about":[{"href":"https:\/\/inspireglobal.travel\/fr\/wp-json\/wp\/v2\/types\/post"}],"author":[{"embeddable":true,"href":"https:\/\/inspireglobal.travel\/fr\/wp-json\/wp\/v2\/users\/3"}],"replies":[{"embeddable":true,"href":"https:\/\/inspireglobal.travel\/fr\/wp-json\/wp\/v2\/comments?post=11994"}],"version-history":[{"count":0,"href":"https:\/\/inspireglobal.travel\/fr\/wp-json\/wp\/v2\/posts\/11994\/revisions"}],"wp:featuredmedia":[{"embeddable":true,"href":"https:\/\/inspireglobal.travel\/fr\/wp-json\/wp\/v2\/media\/12082"}],"wp:attachment":[{"href":"https:\/\/inspireglobal.travel\/fr\/wp-json\/wp\/v2\/media?parent=11994"}],"wp:term":[{"taxonomy":"category","embeddable":true,"href":"https:\/\/inspireglobal.travel\/fr\/wp-json\/wp\/v2\/categories?post=11994"},{"taxonomy":"post_tag","embeddable":true,"href":"https:\/\/inspireglobal.travel\/fr\/wp-json\/wp\/v2\/tags?post=11994"}],"curies":[{"name":"wp","href":"https:\/\/api.w.org\/{rel}","templated":true}]}}